{"id":8360,"date":"2025-03-24T23:42:05","date_gmt":"2025-03-24T21:42:05","guid":{"rendered":"https:\/\/rgrotation.de\/?p=8360"},"modified":"2025-03-25T00:02:04","modified_gmt":"2025-03-24T22:02:04","slug":"23-03-2025-reinigungseinsatz-mit-angeschlossener-vorstandswahl","status":"publish","type":"post","link":"https:\/\/rg-rotation.de\/?p=8360","title":{"rendered":"23.03.2025 &#8211; Reinigungseinsatz mit angeschlossener Vorstandswahl"},"content":{"rendered":"\t\t<div data-elementor-type=\"wp-post\" data-elementor-id=\"8360\" class=\"elementor elementor-8360\" data-elementor-settings=\"[]\">\n\t\t\t\t\t\t<div class=\"elementor-inner\">\n\t\t\t\t\t\t\t<div class=\"elementor-section-wrap\">\n\t\t\t\t\t\t\t<section class=\"elementor-section elementor-top-section elementor-element elementor-element-8a7c0c7 elementor-section-boxed elementor-section-height-default elementor-section-height-default\" data-id=\"8a7c0c7\" data-element_type=\"section\">\n\t\t\t\t\t\t<div class=\"elementor-container elementor-column-gap-default\">\n\t\t\t\t\t\t\t<div class=\"elementor-row\">\n\t\t\t\t\t<div class=\"elementor-column elementor-col-100 elementor-top-column elementor-element elementor-element-45ab513\" data-id=\"45ab513\" data-element_type=\"column\">\n\t\t\t<div class=\"elementor-column-wrap elementor-element-populated\">\n\t\t\t\t\t\t\t<div class=\"elementor-widget-wrap\">\n\t\t\t\t\t\t<div class=\"elementor-element elementor-element-a572dad elementor-widget elementor-widget-text-editor\" data-id=\"a572dad\" data-element_type=\"widget\" data-widget_type=\"text-editor.default\">\n\t\t\t\t<div class=\"elementor-widget-container\">\n\t\t\t\t\t\t\t\t<div class=\"elementor-text-editor elementor-clearfix\">\n\t\t\t\t\t<p>Nun war es soweit, am 23.M\u00e4rz 2025 wurde geputzt und gew\u00e4hlt.<\/p><p>Also der Reinigungseinsatz mit angeschlossener Jahresversammlung und Wahl. \ud83d\ude09<br \/>Erfreulich viele junge und alte Mitglieder waren zum Arbeitseinsatz anwesend!<br \/>Beendet wurde der Vormittag mit einem Mittagessen, Backkartoffeln mit Kr\u00e4uterquark, Bl\u00e4tterteigtaschen mit Spinatf\u00fcllung und W\u00fcrste vom Grill. Danke an Svenja und Sabine B., die sich hier sehr engagiert haben!<\/p>\t\t\t\t\t<\/div>\n\t\t\t\t\t\t<\/div>\n\t\t\t\t<\/div>\n\t\t\t\t\t\t<\/div>\n\t\t\t\t\t<\/div>\n\t\t<\/div>\n\t\t\t\t\t\t\t\t<\/div>\n\t\t\t\t\t<\/div>\n\t\t<\/section>\n\t\t\t\t<section class=\"elementor-section elementor-top-section elementor-element elementor-element-4da0426 elementor-section-boxed elementor-section-height-default elementor-section-height-default\" data-id=\"4da0426\" data-element_type=\"section\">\n\t\t\t\t\t\t<div class=\"elementor-container elementor-column-gap-default\">\n\t\t\t\t\t\t\t<div class=\"elementor-row\">\n\t\t\t\t\t<div class=\"elementor-column elementor-col-100 elementor-top-column elementor-element elementor-element-e8ba2c2\" data-id=\"e8ba2c2\" data-element_type=\"column\">\n\t\t\t<div class=\"elementor-column-wrap elementor-element-populated\">\n\t\t\t\t\t\t\t<div class=\"elementor-widget-wrap\">\n\t\t\t\t\t\t<div class=\"elementor-element elementor-element-6549b18 elementor-arrows-position-inside elementor-pagination-position-outside elementor-widget elementor-widget-image-carousel\" data-id=\"6549b18\" data-element_type=\"widget\" data-settings=\"{&quot;slides_to_show&quot;:&quot;1&quot;,&quot;navigation&quot;:&quot;both&quot;,&quot;autoplay&quot;:&quot;yes&quot;,&quot;pause_on_hover&quot;:&quot;yes&quot;,&quot;pause_on_interaction&quot;:&quot;yes&quot;,&quot;autoplay_speed&quot;:5000,&quot;infinite&quot;:&quot;yes&quot;,&quot;effect&quot;:&quot;slide&quot;,&quot;speed&quot;:500}\" data-widget_type=\"image-carousel.default\">\n\t\t\t\t<div class=\"elementor-widget-container\">\n\t\t\t\t\t<div class=\"elementor-image-carousel-wrapper swiper-container\" dir=\"ltr\">\n\t\t\t<div class=\"elementor-image-carousel swiper-wrapper\">\n\t\t\t\t<div class=\"swiper-slide\"><figure class=\"swiper-slide-inner\"><img class=\"swiper-slide-image\" src=\"https:\/\/rg-rotation.de\/wp-content\/uploads\/Gross-IMG_2135.jpeg\" alt=\"Aussen und...\" \/><figcaption class=\"elementor-image-carousel-caption\">Aussen und...<\/figcaption><\/figure><\/div><div class=\"swiper-slide\"><figure class=\"swiper-slide-inner\"><img class=\"swiper-slide-image\" src=\"https:\/\/rg-rotation.de\/wp-content\/uploads\/Gross-IMG_2136.jpeg\" alt=\"...innen - jung und alt dabei.\" \/><figcaption class=\"elementor-image-carousel-caption\">...innen - jung und alt dabei.<\/figcaption><\/figure><\/div><div class=\"swiper-slide\"><figure class=\"swiper-slide-inner\"><img class=\"swiper-slide-image\" src=\"https:\/\/rg-rotation.de\/wp-content\/uploads\/Gross-IMG_2137.jpeg\" alt=\"Boote raus...\" \/><figcaption class=\"elementor-image-carousel-caption\">Boote raus...<\/figcaption><\/figure><\/div><div class=\"swiper-slide\"><figure class=\"swiper-slide-inner\"><img class=\"swiper-slide-image\" src=\"https:\/\/rg-rotation.de\/wp-content\/uploads\/Gross-IMG_2138.jpeg\" alt=\"...und Hallen ges\u00e4ubert!\" \/><figcaption class=\"elementor-image-carousel-caption\">...und Hallen ges\u00e4ubert!<\/figcaption><\/figure><\/div>\t\t\t<\/div>\n\t\t\t\t\t\t\t\t\t\t\t\t<div class=\"swiper-pagination\"><\/div>\n\t\t\t\t\t\t\t\t\t\t\t\t\t<div class=\"elementor-swiper-button elementor-swiper-button-prev\">\n\t\t\t\t\t\t<i class=\"eicon-chevron-left\" aria-hidden=\"true\"><\/i>\n\t\t\t\t\t\t<span class=\"elementor-screen-only\">Zur\u00fcck<\/span>\n\t\t\t\t\t<\/div>\n\t\t\t\t\t<div class=\"elementor-swiper-button elementor-swiper-button-next\">\n\t\t\t\t\t\t<i class=\"eicon-chevron-right\" aria-hidden=\"true\"><\/i>\n\t\t\t\t\t\t<span class=\"elementor-screen-only\">Weiter<\/span>\n\t\t\t\t\t<\/div>\n\t\t\t\t\t\t\t\t\t<\/div>\n\t\t\t\t<\/div>\n\t\t\t\t<\/div>\n\t\t\t\t\t\t<\/div>\n\t\t\t\t\t<\/div>\n\t\t<\/div>\n\t\t\t\t\t\t\t\t<\/div>\n\t\t\t\t\t<\/div>\n\t\t<\/section>\n\t\t\t\t<section class=\"elementor-section elementor-top-section elementor-element elementor-element-f4184a8 elementor-section-boxed elementor-section-height-default elementor-section-height-default\" data-id=\"f4184a8\" data-element_type=\"section\">\n\t\t\t\t\t\t<div class=\"elementor-container elementor-column-gap-default\">\n\t\t\t\t\t\t\t<div class=\"elementor-row\">\n\t\t\t\t\t<div class=\"elementor-column elementor-col-100 elementor-top-column elementor-element elementor-element-1c6ae40\" data-id=\"1c6ae40\" data-element_type=\"column\">\n\t\t\t<div class=\"elementor-column-wrap elementor-element-populated\">\n\t\t\t\t\t\t\t<div class=\"elementor-widget-wrap\">\n\t\t\t\t\t\t<div class=\"elementor-element elementor-element-495ddd4 elementor-widget elementor-widget-text-editor\" data-id=\"495ddd4\" data-element_type=\"widget\" data-widget_type=\"text-editor.default\">\n\t\t\t\t<div class=\"elementor-widget-container\">\n\t\t\t\t\t\t\t\t<div class=\"elementor-text-editor elementor-clearfix\">\n\t\t\t\t\t<p>Am Nachmittag dann die Versammlung und die\u00a0 Wahl.<\/p><p>Der Wahlleiter Steffen man\u00f6vriert uns souver\u00e4n durch die Tagesordnung. Und am Ende haben wir einen Haushalt f\u00fcr 2025 und einen neuen Vorstand!<\/p><p>Danke dem alten Vorstand f\u00fcr die geleistete Arbeit! Insbesondere Dank f\u00fcr ihren Einsatz den nicht mehr angetretenen Vorst\u00e4nden Sabine und Jens!<br \/>Danke auch dem Kassenpr\u00fcfungsausschuss f\u00fcr den Abschluss der Kassenpr\u00fcfung.<br \/>Und alles Gute dem neuen Vorstand! Viel Gl\u00fcck und Erfolg f\u00fcr uns und den Verein!<br \/>Der neue gesch\u00e4ftsf\u00fchrende Vorstand sind:<br \/>1. Vorsitzender &#8211; Ulf Dittrich<br \/>2. Vorsitzender &#8211; Jan Winkert<br \/>Schatzmeister &#8211; Frank Ehricke<br \/>Weitere Vorstandsmitglieder sind Michael Boldt und Sascha Gierschner.<\/p><p>Die weitere Konstitution wird auf der ersten Vorstandssitzung im April erfolgen.<\/p><p>Und in der Pause gab es dann noch Kaffee und frisch gebackenen Kuchen von Svenja, und der war seeehr lecker&#8230; Danke auch daf\u00fcr!<\/p>\t\t\t\t\t<\/div>\n\t\t\t\t\t\t<\/div>\n\t\t\t\t<\/div>\n\t\t\t\t\t\t<\/div>\n\t\t\t\t\t<\/div>\n\t\t<\/div>\n\t\t\t\t\t\t\t\t<\/div>\n\t\t\t\t\t<\/div>\n\t\t<\/section>\n\t\t\t\t<section class=\"elementor-section elementor-top-section elementor-element elementor-element-ad26ee6 elementor-section-boxed elementor-section-height-default elementor-section-height-default\" data-id=\"ad26ee6\" data-element_type=\"section\">\n\t\t\t\t\t\t<div class=\"elementor-container elementor-column-gap-default\">\n\t\t\t\t\t\t\t<div class=\"elementor-row\">\n\t\t\t\t\t<div class=\"elementor-column elementor-col-100 elementor-top-column elementor-element elementor-element-3fa1112\" data-id=\"3fa1112\" data-element_type=\"column\">\n\t\t\t<div class=\"elementor-column-wrap elementor-element-populated\">\n\t\t\t\t\t\t\t<div class=\"elementor-widget-wrap\">\n\t\t\t\t\t\t<div class=\"elementor-element elementor-element-ebac14f elementor-arrows-position-inside elementor-pagination-position-outside elementor-widget elementor-widget-image-carousel\" data-id=\"ebac14f\" data-element_type=\"widget\" data-settings=\"{&quot;slides_to_show&quot;:&quot;1&quot;,&quot;navigation&quot;:&quot;both&quot;,&quot;autoplay&quot;:&quot;yes&quot;,&quot;pause_on_hover&quot;:&quot;yes&quot;,&quot;pause_on_interaction&quot;:&quot;yes&quot;,&quot;autoplay_speed&quot;:5000,&quot;infinite&quot;:&quot;yes&quot;,&quot;effect&quot;:&quot;slide&quot;,&quot;speed&quot;:500}\" data-widget_type=\"image-carousel.default\">\n\t\t\t\t<div class=\"elementor-widget-container\">\n\t\t\t\t\t<div class=\"elementor-image-carousel-wrapper swiper-container\" dir=\"ltr\">\n\t\t\t<div class=\"elementor-image-carousel swiper-wrapper\">\n\t\t\t\t<div class=\"swiper-slide\"><figure class=\"swiper-slide-inner\"><img class=\"swiper-slide-image\" src=\"https:\/\/rg-rotation.de\/wp-content\/uploads\/Gross-IMG_2141.jpeg\" alt=\"Mitgliederversammlung 2025 mit Vorstandswahl\" \/><figcaption class=\"elementor-image-carousel-caption\">Mitgliederversammlung 2025 mit Vorstandswahl<\/figcaption><\/figure><\/div><div class=\"swiper-slide\"><figure class=\"swiper-slide-inner\"><img class=\"swiper-slide-image\" src=\"https:\/\/rg-rotation.de\/wp-content\/uploads\/Gross-IMG_2140.jpeg\" alt=\"Blumen f\u00fcr den KPA...\" \/><figcaption class=\"elementor-image-carousel-caption\">Blumen f\u00fcr den KPA...<\/figcaption><\/figure><\/div><div class=\"swiper-slide\"><figure class=\"swiper-slide-inner\"><img class=\"swiper-slide-image\" src=\"https:\/\/rg-rotation.de\/wp-content\/uploads\/Gross-IMG_2142.jpeg\" alt=\"....und f\u00fcr den entlasteten Vorstand\" \/><figcaption class=\"elementor-image-carousel-caption\">....und f\u00fcr den entlasteten Vorstand<\/figcaption><\/figure><\/div><div class=\"swiper-slide\"><figure class=\"swiper-slide-inner\"><img class=\"swiper-slide-image\" src=\"https:\/\/rg-rotation.de\/wp-content\/uploads\/Gross-IMG_2143.jpeg\" alt=\"Der ehemalige 2. Vorsitzende ...\" \/><figcaption class=\"elementor-image-carousel-caption\">Der ehemalige 2. Vorsitzende ...<\/figcaption><\/figure><\/div><div class=\"swiper-slide\"><figure class=\"swiper-slide-inner\"><img class=\"swiper-slide-image\" src=\"https:\/\/rg-rotation.de\/wp-content\/uploads\/Gross-IMG_2144.jpeg\" alt=\"...und der Versammlungsleiter mit dem ehemaligen Bootswart\" \/><figcaption class=\"elementor-image-carousel-caption\">...und der Versammlungsleiter mit dem ehemaligen Bootswart<\/figcaption><\/figure><\/div>\t\t\t<\/div>\n\t\t\t\t\t\t\t\t\t\t\t\t<div class=\"swiper-pagination\"><\/div>\n\t\t\t\t\t\t\t\t\t\t\t\t\t<div class=\"elementor-swiper-button elementor-swiper-button-prev\">\n\t\t\t\t\t\t<i class=\"eicon-chevron-left\" aria-hidden=\"true\"><\/i>\n\t\t\t\t\t\t<span class=\"elementor-screen-only\">Zur\u00fcck<\/span>\n\t\t\t\t\t<\/div>\n\t\t\t\t\t<div class=\"elementor-swiper-button elementor-swiper-button-next\">\n\t\t\t\t\t\t<i class=\"eicon-chevron-right\" aria-hidden=\"true\"><\/i>\n\t\t\t\t\t\t<span class=\"elementor-screen-only\">Weiter<\/span>\n\t\t\t\t\t<\/div>\n\t\t\t\t\t\t\t\t\t<\/div>\n\t\t\t\t<\/div>\n\t\t\t\t<\/div>\n\t\t\t\t\t\t<\/div>\n\t\t\t\t\t<\/div>\n\t\t<\/div>\n\t\t\t\t\t\t\t\t<\/div>\n\t\t\t\t\t<\/div>\n\t\t<\/section>\n\t\t\t\t\t\t<\/div>\n\t\t\t\t\t\t<\/div>\n\t\t\t\t\t<\/div>\n\t\t","protected":false},"excerpt":{"rendered":"<p>Nun war es soweit, am 23.M\u00e4rz 2025 wurde geputzt und gew\u00e4hlt. Also der Reinigungseinsatz mit angeschlossener Jahresversammlung und Wahl. \ud83d\ude09 Erfreulich viele junge und alte Mitglieder waren zum Arbeitseinsatz anwesend!&#8230;<\/p>\n","protected":false},"author":1,"featured_media":8361,"comment_status":"open","ping_status":"open","sticky":false,"template":"","format":"standard","meta":[],"categories":[20,7],"tags":[],"_links":{"self":[{"href":"https:\/\/rg-rotation.de\/index.php?rest_route=\/wp\/v2\/posts\/8360"}],"collection":[{"href":"https:\/\/rg-rotation.de\/index.php?rest_route=\/wp\/v2\/posts"}],"about":[{"href":"https:\/\/rg-rotation.de\/index.php?rest_route=\/wp\/v2\/types\/post"}],"author":[{"embeddable":true,"href":"https:\/\/rg-rotation.de\/index.php?rest_route=\/wp\/v2\/users\/1"}],"replies":[{"embeddable":true,"href":"https:\/\/rg-rotation.de\/index.php?rest_route=%2Fwp%2Fv2%2Fcomments&post=8360"}],"version-history":[{"count":26,"href":"https:\/\/rg-rotation.de\/index.php?rest_route=\/wp\/v2\/posts\/8360\/revisions"}],"predecessor-version":[{"id":8398,"href":"https:\/\/rg-rotation.de\/index.php?rest_route=\/wp\/v2\/posts\/8360\/revisions\/8398"}],"wp:featuredmedia":[{"embeddable":true,"href":"https:\/\/rg-rotation.de\/index.php?rest_route=\/wp\/v2\/media\/8361"}],"wp:attachment":[{"href":"https:\/\/rg-rotation.de\/index.php?rest_route=%2Fwp%2Fv2%2Fmedia&parent=8360"}],"wp:term":[{"taxonomy":"category","embeddable":true,"href":"https:\/\/rg-rotation.de\/index.php?rest_route=%2Fwp%2Fv2%2Fcategories&post=8360"},{"taxonomy":"post_tag","embeddable":true,"href":"https:\/\/rg-rotation.de\/index.php?rest_route=%2Fwp%2Fv2%2Ftags&post=8360"}],"curies":[{"name":"wp","href":"https:\/\/api.w.org\/{rel}","templated":true}]}}