{"id":8156,"date":"2025-03-06T12:48:00","date_gmt":"2025-03-06T10:48:00","guid":{"rendered":"https:\/\/rgrotation.de\/?p=8156"},"modified":"2025-03-24T23:32:44","modified_gmt":"2025-03-24T21:32:44","slug":"23-03-2025-mitgliederversammlung-und-vorstandswahl","status":"publish","type":"post","link":"https:\/\/rg-rotation.de\/?p=8156","title":{"rendered":"23.03.2025 &#8211; Mitgliederversammlung und Vorstandswahl"},"content":{"rendered":"\t\t<div data-elementor-type=\"wp-post\" data-elementor-id=\"8156\" class=\"elementor elementor-8156\" data-elementor-settings=\"[]\">\n\t\t\t\t\t\t<div class=\"elementor-inner\">\n\t\t\t\t\t\t\t<div class=\"elementor-section-wrap\">\n\t\t\t\t\t\t\t<section class=\"elementor-section elementor-top-section elementor-element elementor-element-3cce359 elementor-section-boxed elementor-section-height-default elementor-section-height-default\" data-id=\"3cce359\" data-element_type=\"section\">\n\t\t\t\t\t\t<div class=\"elementor-container elementor-column-gap-default\">\n\t\t\t\t\t\t\t<div class=\"elementor-row\">\n\t\t\t\t\t<div class=\"elementor-column elementor-col-100 elementor-top-column elementor-element elementor-element-b052a0c\" data-id=\"b052a0c\" data-element_type=\"column\">\n\t\t\t<div class=\"elementor-column-wrap elementor-element-populated\">\n\t\t\t\t\t\t\t<div class=\"elementor-widget-wrap\">\n\t\t\t\t\t\t<div class=\"elementor-element elementor-element-efb20ac elementor-widget elementor-widget-text-editor\" data-id=\"efb20ac\" data-element_type=\"widget\" data-widget_type=\"text-editor.default\">\n\t\t\t\t<div class=\"elementor-widget-container\">\n\t\t\t\t\t\t\t\t<div class=\"elementor-text-editor elementor-clearfix\">\n\t\t\t\t\t<p><a href=\"http:\/\/rgrotation.de\/wp-content\/uploads\/20250222_MVRotation2025_Einladung_V1.pdf\" target=\"_blank\" rel=\"noopener\"><strong>Die Einladung f\u00fcr die kommende Mitgliederversammlung ist \u00f6ffentlich und online &#8211; hier.<\/strong><\/a><\/p><p>Es gibt auch bereits einen Antrag f\u00fcr die Tagesordnung. Diesen findet ihr im internen Bereich am &#8222;schwarzen Brett&#8220;. (Dahin kommt man, wenn man als Mitglied hier auf der Webseite angemeldet ist. Unter dem Men\u00fcpunkt \/Verein\/Interne Informationen Wenn ihr diese Auswahl nicht seht seid ihr nicht angemeldet. Alle Mitglieder k\u00f6nnen sich mit Nutzernamen und Passwort auf der rechten Seite der Webseite, oder weiter unten, anmelden. Bei fehlenden Daten bitte an den Webmaster schreiben und um eine neue Anmeldung bitten.)<\/p><p>Die Jahreshauptversammlung mit Wahl des neuen Vorstands steht am 23.03.2025 an! <a style=\"font-size: 14px; background-color: #ffffff;\" href=\"http:\/\/rgrotation.de\/wp-content\/uploads\/20240821_Safe_the_Date_MV_VW_01.pdf\" target=\"_blank\" rel=\"noopener\">Die Ank\u00fcndigung mit allen Details dazu findet ihr hier verlinkt.<\/a><\/p><p>Ja, und es wird ein neuer Vorstand zu bestimmen sein. Das ist wichtig f\u00fcr uns alle! <a href=\"http:\/\/rgrotation.de\/wp-content\/uploads\/20241203_MV2025_Aushang.pdf\" target=\"_blank\" rel=\"noopener\">Der Aufruf f\u00fcr potentielle Kandidaten als auch Wahl- und Versammlungsleiter ist hier verlinkt.<\/a><\/p>\t\t\t\t\t<\/div>\n\t\t\t\t\t\t<\/div>\n\t\t\t\t<\/div>\n\t\t\t\t\t\t<\/div>\n\t\t\t\t\t<\/div>\n\t\t<\/div>\n\t\t\t\t\t\t\t\t<\/div>\n\t\t\t\t\t<\/div>\n\t\t<\/section>\n\t\t\t\t\t\t<\/div>\n\t\t\t\t\t\t<\/div>\n\t\t\t\t\t<\/div>\n\t\t","protected":false},"excerpt":{"rendered":"<p>Die Einladung f\u00fcr die kommende Mitgliederversammlung ist \u00f6ffentlich und online &#8211; hier. Es gibt auch bereits einen Antrag f\u00fcr die Tagesordnung. Diesen findet ihr im internen Bereich am &#8222;schwarzen Brett&#8220;&#8230;.<\/p>\n","protected":false},"author":1,"featured_media":0,"comment_status":"open","ping_status":"open","sticky":false,"template":"","format":"standard","meta":[],"categories":[20,18,21,7],"tags":[],"_links":{"self":[{"href":"https:\/\/rg-rotation.de\/index.php?rest_route=\/wp\/v2\/posts\/8156"}],"collection":[{"href":"https:\/\/rg-rotation.de\/index.php?rest_route=\/wp\/v2\/posts"}],"about":[{"href":"https:\/\/rg-rotation.de\/index.php?rest_route=\/wp\/v2\/types\/post"}],"author":[{"embeddable":true,"href":"https:\/\/rg-rotation.de\/index.php?rest_route=\/wp\/v2\/users\/1"}],"replies":[{"embeddable":true,"href":"https:\/\/rg-rotation.de\/index.php?rest_route=%2Fwp%2Fv2%2Fcomments&post=8156"}],"version-history":[{"count":37,"href":"https:\/\/rg-rotation.de\/index.php?rest_route=\/wp\/v2\/posts\/8156\/revisions"}],"predecessor-version":[{"id":8359,"href":"https:\/\/rg-rotation.de\/index.php?rest_route=\/wp\/v2\/posts\/8156\/revisions\/8359"}],"wp:attachment":[{"href":"https:\/\/rg-rotation.de\/index.php?rest_route=%2Fwp%2Fv2%2Fmedia&parent=8156"}],"wp:term":[{"taxonomy":"category","embeddable":true,"href":"https:\/\/rg-rotation.de\/index.php?rest_route=%2Fwp%2Fv2%2Fcategories&post=8156"},{"taxonomy":"post_tag","embeddable":true,"href":"https:\/\/rg-rotation.de\/index.php?rest_route=%2Fwp%2Fv2%2Ftags&post=8156"}],"curies":[{"name":"wp","href":"https:\/\/api.w.org\/{rel}","templated":true}]}}