{"id":3737,"date":"2022-08-08T09:04:45","date_gmt":"2022-08-08T07:04:45","guid":{"rendered":"https:\/\/rgrotation.de\/?p=3737"},"modified":"2022-08-14T17:29:17","modified_gmt":"2022-08-14T15:29:17","slug":"07-07-2022-bundeswettbewerb-in-bremen","status":"publish","type":"post","link":"https:\/\/rg-rotation.de\/?p=3737","title":{"rendered":"07.07.2022 &#8211; Bundeswettbewerb in Bremen"},"content":{"rendered":"\t\t<div data-elementor-type=\"wp-post\" data-elementor-id=\"3737\" class=\"elementor elementor-3737\" data-elementor-settings=\"[]\">\n\t\t\t\t\t\t<div class=\"elementor-inner\">\n\t\t\t\t\t\t\t<div class=\"elementor-section-wrap\">\n\t\t\t\t\t\t\t<section class=\"elementor-section elementor-top-section elementor-element elementor-element-11b19c1 elementor-section-boxed elementor-section-height-default elementor-section-height-default\" data-id=\"11b19c1\" data-element_type=\"section\">\n\t\t\t\t\t\t<div class=\"elementor-container elementor-column-gap-default\">\n\t\t\t\t\t\t\t<div class=\"elementor-row\">\n\t\t\t\t\t<div class=\"elementor-column elementor-col-100 elementor-top-column elementor-element elementor-element-2fe8399\" data-id=\"2fe8399\" data-element_type=\"column\">\n\t\t\t<div class=\"elementor-column-wrap elementor-element-populated\">\n\t\t\t\t\t\t\t<div class=\"elementor-widget-wrap\">\n\t\t\t\t\t\t<div class=\"elementor-element elementor-element-f33b359 elementor-widget elementor-widget-text-editor\" data-id=\"f33b359\" data-element_type=\"widget\" data-widget_type=\"text-editor.default\">\n\t\t\t\t<div class=\"elementor-widget-container\">\n\t\t\t\t\t\t\t\t<div class=\"elementor-text-editor elementor-clearfix\">\n\t\t\t\t\t<p>Vom 07.07. bis 10.07. war der Bundeswettbewerb in Bremen. Die 12 Rotationskinder haben als Berliner Ruderjugend teilgenommen mit den beiden Betreuerinnen Svenja und Mara. Es sind 3 Boote von unserem Verein gestartet. Der Doppelvierer der Jungen mit Steuermann 13\/14 Jahre (Sieger des B- Finales), der Mix- Doppelvierer mit Steuermann 12\/13 Jahre (4. des B- Finales) und der Leichtgewicht- Jungen- Doppelzweier 12\/13 Jahre (2. des C- Finales).<\/p><p>Die Gesamtwertung ergab sich hierbei aus den drei Wettbewerben &#8211; der Langstrecke (3.000 m), des Allgemeinen Sportwettkampfs (Zusatzwettbewerb) und der Kurzstrecke (1.000 m). Die Berliner Mannschaft belegte mit gro\u00dfem Einsatz den 5. Platz der Gesamtwertung.<\/p><p>Die Ruderjugend hatte in den Pausen ihren Spa\u00df mit lauter Musik und viel Quatsch. Au\u00dferdem wurde das Gruppengef\u00fchl sehr gest\u00e4rkt. Sie freuen sich jetzt schon auf den n\u00e4chsten Bundeswettbewerb in Brandenburg 2023.<\/p><p>Anbei ist eine kleine Bilderauswahl sowie hier ein Link mit weiteren Bildern des Bundeswettbewerbs zu finden:\u00a0<a href=\"https:\/\/www.pictrs.com\/m\/meinruderbild\/4104449\/2022-bundeswettbewerb-bremen?l=de\">https:\/\/www.pictrs.com\/m\/meinruderbild\/4104449\/2022-bundeswettbewerb-bremen?l=de<\/a><\/p><p>Herzlichen Gl\u00fcckwunsch allen RuderInnen und Steuerleuten, sowie dem<\/p><p>Trainerstab!- geschrieben von Anne und Janny<\/p>\t\t\t\t\t<\/div>\n\t\t\t\t\t\t<\/div>\n\t\t\t\t<\/div>\n\t\t\t\t\t\t<\/div>\n\t\t\t\t\t<\/div>\n\t\t<\/div>\n\t\t\t\t\t\t\t\t<\/div>\n\t\t\t\t\t<\/div>\n\t\t<\/section>\n\t\t\t\t<section class=\"elementor-section elementor-top-section elementor-element elementor-element-56a8485 elementor-section-boxed elementor-section-height-default elementor-section-height-default\" data-id=\"56a8485\" data-element_type=\"section\">\n\t\t\t\t\t\t<div class=\"elementor-container elementor-column-gap-default\">\n\t\t\t\t\t\t\t<div class=\"elementor-row\">\n\t\t\t\t\t<div class=\"elementor-column elementor-col-100 elementor-top-column elementor-element elementor-element-8ff414b\" data-id=\"8ff414b\" data-element_type=\"column\">\n\t\t\t<div class=\"elementor-column-wrap elementor-element-populated\">\n\t\t\t\t\t\t\t<div class=\"elementor-widget-wrap\">\n\t\t\t\t\t\t<div class=\"elementor-element elementor-element-7e0fa34 elementor-arrows-position-inside elementor-pagination-position-outside elementor-widget elementor-widget-image-carousel\" data-id=\"7e0fa34\" data-element_type=\"widget\" data-settings=\"{&quot;slides_to_show&quot;:&quot;1&quot;,&quot;navigation&quot;:&quot;both&quot;,&quot;autoplay&quot;:&quot;yes&quot;,&quot;pause_on_hover&quot;:&quot;yes&quot;,&quot;pause_on_interaction&quot;:&quot;yes&quot;,&quot;autoplay_speed&quot;:5000,&quot;infinite&quot;:&quot;yes&quot;,&quot;effect&quot;:&quot;slide&quot;,&quot;speed&quot;:500}\" data-widget_type=\"image-carousel.default\">\n\t\t\t\t<div class=\"elementor-widget-container\">\n\t\t\t\t\t<div class=\"elementor-image-carousel-wrapper swiper-container\" dir=\"ltr\">\n\t\t\t<div class=\"elementor-image-carousel swiper-wrapper\">\n\t\t\t\t<div class=\"swiper-slide\"><figure class=\"swiper-slide-inner\"><img class=\"swiper-slide-image\" src=\"https:\/\/rg-rotation.de\/wp-content\/uploads\/45f78d4a-c170-4db2-b7f1-30f851a24df9.jpg\" alt=\"45f78d4a-c170-4db2-b7f1-30f851a24df9\" \/><\/figure><\/div><div class=\"swiper-slide\"><figure class=\"swiper-slide-inner\"><img class=\"swiper-slide-image\" src=\"https:\/\/rg-rotation.de\/wp-content\/uploads\/421a0181-cc96-40a9-9e6f-e9b11cb14291-1.jpg\" alt=\"421a0181-cc96-40a9-9e6f-e9b11cb14291 (1)\" \/><\/figure><\/div><div class=\"swiper-slide\"><figure class=\"swiper-slide-inner\"><img class=\"swiper-slide-image\" src=\"https:\/\/rg-rotation.de\/wp-content\/uploads\/9576ab6d-fd62-420a-a244-330f3177ac9d.jpg\" alt=\"9576ab6d-fd62-420a-a244-330f3177ac9d\" \/><\/figure><\/div><div class=\"swiper-slide\"><figure class=\"swiper-slide-inner\"><img class=\"swiper-slide-image\" src=\"https:\/\/rg-rotation.de\/wp-content\/uploads\/e244b08f-f8b3-40fa-bcc7-d4c4a599deef.jpg\" alt=\"e244b08f-f8b3-40fa-bcc7-d4c4a599deef\" \/><\/figure><\/div>\t\t\t<\/div>\n\t\t\t\t\t\t\t\t\t\t\t\t<div class=\"swiper-pagination\"><\/div>\n\t\t\t\t\t\t\t\t\t\t\t\t\t<div class=\"elementor-swiper-button elementor-swiper-button-prev\">\n\t\t\t\t\t\t<i class=\"eicon-chevron-left\" aria-hidden=\"true\"><\/i>\n\t\t\t\t\t\t<span class=\"elementor-screen-only\">Zur\u00fcck<\/span>\n\t\t\t\t\t<\/div>\n\t\t\t\t\t<div class=\"elementor-swiper-button elementor-swiper-button-next\">\n\t\t\t\t\t\t<i class=\"eicon-chevron-right\" aria-hidden=\"true\"><\/i>\n\t\t\t\t\t\t<span class=\"elementor-screen-only\">Weiter<\/span>\n\t\t\t\t\t<\/div>\n\t\t\t\t\t\t\t\t\t<\/div>\n\t\t\t\t<\/div>\n\t\t\t\t<\/div>\n\t\t\t\t\t\t<\/div>\n\t\t\t\t\t<\/div>\n\t\t<\/div>\n\t\t\t\t\t\t\t\t<\/div>\n\t\t\t\t\t<\/div>\n\t\t<\/section>\n\t\t\t\t\t\t<\/div>\n\t\t\t\t\t\t<\/div>\n\t\t\t\t\t<\/div>\n\t\t","protected":false},"excerpt":{"rendered":"<p>Vom 07.07. bis 10.07. war der Bundeswettbewerb in Bremen. Die 12 Rotationskinder haben als Berliner Ruderjugend teilgenommen mit den beiden Betreuerinnen Svenja und Mara. Es sind 3 Boote von unserem&#8230;<\/p>\n","protected":false},"author":1,"featured_media":3769,"comment_status":"closed","ping_status":"open","sticky":false,"template":"","format":"standard","meta":[],"categories":[18,19,7],"tags":[],"_links":{"self":[{"href":"https:\/\/rg-rotation.de\/index.php?rest_route=\/wp\/v2\/posts\/3737"}],"collection":[{"href":"https:\/\/rg-rotation.de\/index.php?rest_route=\/wp\/v2\/posts"}],"about":[{"href":"https:\/\/rg-rotation.de\/index.php?rest_route=\/wp\/v2\/types\/post"}],"author":[{"embeddable":true,"href":"https:\/\/rg-rotation.de\/index.php?rest_route=\/wp\/v2\/users\/1"}],"replies":[{"embeddable":true,"href":"https:\/\/rg-rotation.de\/index.php?rest_route=%2Fwp%2Fv2%2Fcomments&post=3737"}],"version-history":[{"count":11,"href":"https:\/\/rg-rotation.de\/index.php?rest_route=\/wp\/v2\/posts\/3737\/revisions"}],"predecessor-version":[{"id":3776,"href":"https:\/\/rg-rotation.de\/index.php?rest_route=\/wp\/v2\/posts\/3737\/revisions\/3776"}],"wp:featuredmedia":[{"embeddable":true,"href":"https:\/\/rg-rotation.de\/index.php?rest_route=\/wp\/v2\/media\/3769"}],"wp:attachment":[{"href":"https:\/\/rg-rotation.de\/index.php?rest_route=%2Fwp%2Fv2%2Fmedia&parent=3737"}],"wp:term":[{"taxonomy":"category","embeddable":true,"href":"https:\/\/rg-rotation.de\/index.php?rest_route=%2Fwp%2Fv2%2Fcategories&post=3737"},{"taxonomy":"post_tag","embeddable":true,"href":"https:\/\/rg-rotation.de\/index.php?rest_route=%2Fwp%2Fv2%2Ftags&post=3737"}],"curies":[{"name":"wp","href":"https:\/\/api.w.org\/{rel}","templated":true}]}}