{"id":2484,"date":"2022-02-13T11:10:49","date_gmt":"2022-02-13T10:10:49","guid":{"rendered":"https:\/\/rgrotation.de\/?p=2484"},"modified":"2022-02-14T21:01:57","modified_gmt":"2022-02-14T20:01:57","slug":"rotations-jugend-beim-athletikwettkampf","status":"publish","type":"post","link":"https:\/\/rg-rotation.de\/?p=2484","title":{"rendered":"12.02.2022 &#8211; Rotations Jugend beim Athletikwettkampf"},"content":{"rendered":"\t\t<div data-elementor-type=\"wp-post\" data-elementor-id=\"2484\" class=\"elementor elementor-2484\" data-elementor-settings=\"[]\">\n\t\t\t\t\t\t<div class=\"elementor-inner\">\n\t\t\t\t\t\t\t<div class=\"elementor-section-wrap\">\n\t\t\t\t\t\t\t<section class=\"elementor-section elementor-top-section elementor-element elementor-element-6d71f96 elementor-section-boxed elementor-section-height-default elementor-section-height-default\" data-id=\"6d71f96\" data-element_type=\"section\">\n\t\t\t\t\t\t<div class=\"elementor-container elementor-column-gap-default\">\n\t\t\t\t\t\t\t<div class=\"elementor-row\">\n\t\t\t\t\t<div class=\"elementor-column elementor-col-100 elementor-top-column elementor-element elementor-element-ef97385\" data-id=\"ef97385\" data-element_type=\"column\">\n\t\t\t<div class=\"elementor-column-wrap elementor-element-populated\">\n\t\t\t\t\t\t\t<div class=\"elementor-widget-wrap\">\n\t\t\t\t\t\t<div class=\"elementor-element elementor-element-2c5c1f8 elementor-widget elementor-widget-text-editor\" data-id=\"2c5c1f8\" data-element_type=\"widget\" data-widget_type=\"text-editor.default\">\n\t\t\t\t<div class=\"elementor-widget-container\">\n\t\t\t\t\t\t\t\t<div class=\"elementor-text-editor elementor-clearfix\">\n\t\t\t\t\t<p>Am vergangenen Samstag fand der allj\u00e4hrliche Athletikwettkampf in der Waldturnhalle Gr\u00fcnau statt. Den Wettkampf organisierte der Landestrainer M. Schuldt und der Sportlehrer U. Reinke (Flatow-Oberschule). Vielen Dank f\u00fcr die Organisation an dieser Stelle!<\/p><p>Ein herzlicher Dank gilt selbstverst\u00e4ndlich auch dem Flughafen BER, welcher unsere neuen T-Shirts finanziert hat.<\/p><p>Mit insgesamt 16 Kindern aus unseren beiden Trainingsgruppen TG U12 und TG U15 nahmen wir am Athletikwettkampf sehr erfolgreich teil. In allen Jahrg\u00e4ngen 2008 bis 2011 nahmen wir Medaillen mit nach Hause! Neben Geschicklichkeits-, Ausdauer- und Kraft\u00fcbungen konnten alle Ruderinnen und Ruderer ihre F\u00e4higkeiten zeigen. Nach dem Wettkampfteil endete der Tag mit einem Volleyball- und Hockeyspiel.<\/p><p><span style=\"text-decoration: underline;\">Platzierungen:<\/span><\/p><p>Jahrgang 2008: 2x 3. Platz<\/p><p>Jahrgang 2009: jeweils 1x 1. und 3. Platz<\/p><p>Jahrgang 2010: jeweils 1x 1., 2. und 3. Platz<\/p><p>Jahrgang 2011: jeweils 1x 1. und 3. Platz<\/p><p>\u00a0<\/p><p>Herzlichen Gl\u00fcckwunsch allen Kindern!<\/p><p>Wir freuen uns mit euch auf die kommenden Wettk\u00e4mpfe und Regatten!<\/p><p>Euer Trainerteam<\/p>\t\t\t\t\t<\/div>\n\t\t\t\t\t\t<\/div>\n\t\t\t\t<\/div>\n\t\t\t\t\t\t<\/div>\n\t\t\t\t\t<\/div>\n\t\t<\/div>\n\t\t\t\t\t\t\t\t<\/div>\n\t\t\t\t\t<\/div>\n\t\t<\/section>\n\t\t\t\t<section class=\"elementor-section elementor-top-section elementor-element elementor-element-3482d14 elementor-section-boxed elementor-section-height-default elementor-section-height-default\" data-id=\"3482d14\" data-element_type=\"section\">\n\t\t\t\t\t\t<div class=\"elementor-container elementor-column-gap-default\">\n\t\t\t\t\t\t\t<div class=\"elementor-row\">\n\t\t\t\t\t<div class=\"elementor-column elementor-col-100 elementor-top-column elementor-element elementor-element-7be5882\" data-id=\"7be5882\" data-element_type=\"column\">\n\t\t\t<div class=\"elementor-column-wrap elementor-element-populated\">\n\t\t\t\t\t\t\t<div class=\"elementor-widget-wrap\">\n\t\t\t\t\t\t<div class=\"elementor-element elementor-element-ed16a6f elementor-arrows-position-inside elementor-pagination-position-outside elementor-widget elementor-widget-image-carousel\" data-id=\"ed16a6f\" data-element_type=\"widget\" data-settings=\"{&quot;slides_to_show&quot;:&quot;1&quot;,&quot;navigation&quot;:&quot;both&quot;,&quot;autoplay&quot;:&quot;yes&quot;,&quot;pause_on_hover&quot;:&quot;yes&quot;,&quot;pause_on_interaction&quot;:&quot;yes&quot;,&quot;autoplay_speed&quot;:5000,&quot;infinite&quot;:&quot;yes&quot;,&quot;effect&quot;:&quot;slide&quot;,&quot;speed&quot;:500}\" data-widget_type=\"image-carousel.default\">\n\t\t\t\t<div class=\"elementor-widget-container\">\n\t\t\t\t\t<div class=\"elementor-image-carousel-wrapper swiper-container\" dir=\"ltr\">\n\t\t\t<div class=\"elementor-image-carousel swiper-wrapper\">\n\t\t\t\t<div class=\"swiper-slide\"><figure class=\"swiper-slide-inner\"><img class=\"swiper-slide-image\" src=\"https:\/\/rg-rotation.de\/wp-content\/uploads\/2022\/02\/20220212_095123-1024x576.jpg\" alt=\"20220212_095123\" \/><\/figure><\/div><div class=\"swiper-slide\"><figure class=\"swiper-slide-inner\"><img class=\"swiper-slide-image\" src=\"https:\/\/rg-rotation.de\/wp-content\/uploads\/2022\/02\/20220212_094036-1024x576.jpg\" alt=\"20220212_094036\" \/><\/figure><\/div><div class=\"swiper-slide\"><figure class=\"swiper-slide-inner\"><img class=\"swiper-slide-image\" src=\"https:\/\/rg-rotation.de\/wp-content\/uploads\/2022\/02\/20220212_100649-1024x576.jpg\" alt=\"20220212_100649\" \/><\/figure><\/div>\t\t\t<\/div>\n\t\t\t\t\t\t\t\t\t\t\t\t<div class=\"swiper-pagination\"><\/div>\n\t\t\t\t\t\t\t\t\t\t\t\t\t<div class=\"elementor-swiper-button elementor-swiper-button-prev\">\n\t\t\t\t\t\t<i class=\"eicon-chevron-left\" aria-hidden=\"true\"><\/i>\n\t\t\t\t\t\t<span class=\"elementor-screen-only\">Zur\u00fcck<\/span>\n\t\t\t\t\t<\/div>\n\t\t\t\t\t<div class=\"elementor-swiper-button elementor-swiper-button-next\">\n\t\t\t\t\t\t<i class=\"eicon-chevron-right\" aria-hidden=\"true\"><\/i>\n\t\t\t\t\t\t<span class=\"elementor-screen-only\">Weiter<\/span>\n\t\t\t\t\t<\/div>\n\t\t\t\t\t\t\t\t\t<\/div>\n\t\t\t\t<\/div>\n\t\t\t\t<\/div>\n\t\t\t\t\t\t<\/div>\n\t\t\t\t\t<\/div>\n\t\t<\/div>\n\t\t\t\t\t\t\t\t<\/div>\n\t\t\t\t\t<\/div>\n\t\t<\/section>\n\t\t\t\t\t\t<\/div>\n\t\t\t\t\t\t<\/div>\n\t\t\t\t\t<\/div>\n\t\t","protected":false},"excerpt":{"rendered":"<p>Am vergangenen Samstag fand der allj\u00e4hrliche Athletikwettkampf in der Waldturnhalle Gr\u00fcnau statt. Den Wettkampf organisierte der Landestrainer M. Schuldt und der Sportlehrer U. Reinke (Flatow-Oberschule). Vielen Dank f\u00fcr die Organisation&#8230;<\/p>\n","protected":false},"author":116,"featured_media":2528,"comment_status":"closed","ping_status":"open","sticky":false,"template":"","format":"standard","meta":[],"categories":[18,1],"tags":[],"_links":{"self":[{"href":"https:\/\/rg-rotation.de\/index.php?rest_route=\/wp\/v2\/posts\/2484"}],"collection":[{"href":"https:\/\/rg-rotation.de\/index.php?rest_route=\/wp\/v2\/posts"}],"about":[{"href":"https:\/\/rg-rotation.de\/index.php?rest_route=\/wp\/v2\/types\/post"}],"author":[{"embeddable":true,"href":"https:\/\/rg-rotation.de\/index.php?rest_route=\/wp\/v2\/users\/116"}],"replies":[{"embeddable":true,"href":"https:\/\/rg-rotation.de\/index.php?rest_route=%2Fwp%2Fv2%2Fcomments&post=2484"}],"version-history":[{"count":22,"href":"https:\/\/rg-rotation.de\/index.php?rest_route=\/wp\/v2\/posts\/2484\/revisions"}],"predecessor-version":[{"id":2523,"href":"https:\/\/rg-rotation.de\/index.php?rest_route=\/wp\/v2\/posts\/2484\/revisions\/2523"}],"wp:featuredmedia":[{"embeddable":true,"href":"https:\/\/rg-rotation.de\/index.php?rest_route=\/wp\/v2\/media\/2528"}],"wp:attachment":[{"href":"https:\/\/rg-rotation.de\/index.php?rest_route=%2Fwp%2Fv2%2Fmedia&parent=2484"}],"wp:term":[{"taxonomy":"category","embeddable":true,"href":"https:\/\/rg-rotation.de\/index.php?rest_route=%2Fwp%2Fv2%2Fcategories&post=2484"},{"taxonomy":"post_tag","embeddable":true,"href":"https:\/\/rg-rotation.de\/index.php?rest_route=%2Fwp%2Fv2%2Ftags&post=2484"}],"curies":[{"name":"wp","href":"https:\/\/api.w.org\/{rel}","templated":true}]}}