{"id":120,"date":"2019-10-23T16:00:21","date_gmt":"2019-10-23T15:00:21","guid":{"rendered":"http:\/\/rgrotation.de\/?p=120"},"modified":"2020-02-16T16:35:15","modified_gmt":"2020-02-16T15:35:15","slug":"wir-trauern-um-marta-siebenhuener","status":"publish","type":"post","link":"https:\/\/rg-rotation.de\/?p=120","title":{"rendered":"Wir trauern um Marta Siebenh\u00fcner."},"content":{"rendered":"\n<div class=\"wp-block-image\"><figure class=\"alignleft\"><img loading=\"lazy\" width=\"200\" height=\"250\" src=\"http:\/\/rgrotation.de\/wp-content\/uploads\/2019\/11\/1910_MartaSiebenh\u00fcner_s.png\" alt=\"\" class=\"wp-image-123\"\/><figcaption>Marta Siebenh\u00fcner<br>* 25.10.1928    \u2020 19.10.2019<br><\/figcaption><\/figure><\/div>\n\n\n\n<p>Am 19. Oktober 2019 ist nach kurzem Krankenhausaufenthalt unser langj\u00e4hriges Ehrenmitglied Martha Siebenh\u00fcner verstorben und ich m\u00f6chte mit einem Nachruf die tiefe Trauer zum Ableben unser Martchen zum Ausdruck bringen.<\/p>\n\n\n\n<p>Im Jahre 1949 geh\u00f6rte Martchen, zusammen\nmit Ihrem Mann Werner und dem Ehepaar Friedel und Gerhard Kr\u00fcger zu den\nGr\u00fcndungsmitgliedern der damaligen Sektion Rudern innerhalb der\nBetriebssportgemeinschaft Rotation Berlin mit Sitz in Rauchfangswerder. <\/p>\n\n\n\n<p>Es folgten einige Jahre, in denen Werner\nund Martchen bem\u00fcht waren eine stabile Sportgruppe aufzubauen und auch die\nersten Mannschaften auf Ruderregatten dabei waren. Nachdem sich dann \u00fcber\neinige Jahre mit erlebnisreichen Wanderfahrten und auch den ersten Anf\u00e4ngen im\nRennrudern die Sektion Rudern zu einer immer gr\u00f6\u00dferen Gemeinschaft entwickelt\nhatte, kam immer mehr der Gedanke auf sich nach einem gr\u00f6\u00dferen Objekt und vor\nallem auch mit einem k\u00fcrzeren Anreiseweg umzusehen. Im Jahre 1953 gelang es\ndann das Objekt in der Rehfeldstr. 9, heute Sportpromenade 23, zu ordern und\nf\u00fcr Rotation zu gewinnen. Anfang 1954 konnte der Umzug nach Karolinenhof\nerfolgen. <\/p>\n\n\n\n<p>Martchen war von Beginn an dem\nWanderrudern zugetan, hat aber auch etwas Wettkampfluft geschnuppert und konnte\nsich sogar zweimal als Siegerin in die Liste der Vereinsmeister im Einer\neintragen. <\/p>\n\n\n\n<p>Gemeinsam\nmit&nbsp; Werner wurde auch f\u00fcr Rudernachwuchs\ngesorgt und mit Gerd und Steffen zwei pr\u00e4chtigen S\u00f6hnen das Leben geschenkt.\nLeider ist ja Gerd im Jahr 2015 viel zu fr\u00fch verstorben, aber mit Steffen\nstand&nbsp; ein treusorgender Sohn an ihrer\nSeite. Mit Inka kamen dann eine liebe Schwiegertochter und der Enkelsohn Nane\nin ihr Leben. 1990 wurde der Enkelsohn Benno geboren und mit dem kleinen Emil\nwurde sie im M\u00e4rz 2015 Uroma. <\/p>\n\n\n\n<p>Viele\nJahre hat die ganze Familie den Urlaub im Ruderboot gestaltet. Dabei sehr oft\nim Doppelzweier mit Stm. und KS. An den Skulls meistens Martchen und Gerd und\nSteffen als Steuermann. Es wurde am Samstag zum Ziel voraus gerudert und Werner\nkam, nach der Arbeit, mit dem Dampfzug zum Urlaubsort nach. Das Rudern war eben\nHerzenssache und dominierte in der Freizeit.<\/p>\n\n\n\n<p>Bei den zahlreichen Jahren der aktiven\nZeit in unserer Rudergemeinschaft hat Martchen immer beispielhaft Werner bei\nder Vereinsentwicklung unterst\u00fctzt und damit zahlreiche positive Akzente\ngesetzt. Sie war viele Jahre im Gesch\u00e4ftszimmer der Ruderregatta am Rohrwall\nt\u00e4tig und hat damit zur Entwicklung dieser Traditionsregatta im Bezirk\nTreptow-K\u00f6penick beigetragen, die wir in diesem Jahr&nbsp; Ende September bereits zum 65. Mal\nveranstaltet haben.<\/p>\n\n\n\n<p>Martchen hat sich ihr gesamtes Leben zu\nunserer Rudergemeinschaft bekannt und in den letzten Jahren versucht mit\nregelm\u00e4\u00dfigen Besuchen bei Veranstaltungen im Bootshaus den Kontakt aufrecht zu\nerhalten. Sie beteiligte sich auch dankenswerter Weise \u00fcber viele Jahre\nregelm\u00e4\u00dfig an der Spendenzahlung f\u00fcr den Kauf unseres Objektes und aktuell der\nRatenzahlung f\u00fcr den Senatskredit f\u00fcr die Dachsanierung.<\/p>\n\n\n\n<p>In den letzten Jahren hat sie, wohl auch\nauf Steffens Initiative hin, f\u00fcr die Gestaltung der Freizeit ihr Herz f\u00fcr den\nFu\u00dfball beim 1. FC Union entdeckt und war mit einer Dauerkarte bei fast jedem\nHeimspiel dabei. <\/p>\n\n\n\n<p>Wir sind\nalle traurig \u00fcber Martchens pl\u00f6tzlichen Tod und werden ihr Andenken immer in Ehren\nhalten. <\/p>\n\n\n\n<p>Mit dem\nSpruch \u201eBegrenzt ist das Leben \u2013 unendlich die Erinnerung\u201c m\u00f6chte ich vor allem\nSteffen und Inka und den Enkelkindern viel Trost aussprechen.<\/p>\n","protected":false},"excerpt":{"rendered":"<p>Am 19. Oktober 2019 ist nach kurzem Krankenhausaufenthalt unser langj\u00e4hriges Ehrenmitglied Martha Siebenh\u00fcner verstorben und ich m\u00f6chte mit einem Nachruf die tiefe Trauer zum Ableben unser Martchen zum Ausdruck bringen&#8230;.<\/p>\n","protected":false},"author":1,"featured_media":497,"comment_status":"closed","ping_status":"closed","sticky":false,"template":"","format":"standard","meta":[],"categories":[7],"tags":[],"_links":{"self":[{"href":"https:\/\/rg-rotation.de\/index.php?rest_route=\/wp\/v2\/posts\/120"}],"collection":[{"href":"https:\/\/rg-rotation.de\/index.php?rest_route=\/wp\/v2\/posts"}],"about":[{"href":"https:\/\/rg-rotation.de\/index.php?rest_route=\/wp\/v2\/types\/post"}],"author":[{"embeddable":true,"href":"https:\/\/rg-rotation.de\/index.php?rest_route=\/wp\/v2\/users\/1"}],"replies":[{"embeddable":true,"href":"https:\/\/rg-rotation.de\/index.php?rest_route=%2Fwp%2Fv2%2Fcomments&post=120"}],"version-history":[{"count":4,"href":"https:\/\/rg-rotation.de\/index.php?rest_route=\/wp\/v2\/posts\/120\/revisions"}],"predecessor-version":[{"id":480,"href":"https:\/\/rg-rotation.de\/index.php?rest_route=\/wp\/v2\/posts\/120\/revisions\/480"}],"wp:featuredmedia":[{"embeddable":true,"href":"https:\/\/rg-rotation.de\/index.php?rest_route=\/wp\/v2\/media\/497"}],"wp:attachment":[{"href":"https:\/\/rg-rotation.de\/index.php?rest_route=%2Fwp%2Fv2%2Fmedia&parent=120"}],"wp:term":[{"taxonomy":"category","embeddable":true,"href":"https:\/\/rg-rotation.de\/index.php?rest_route=%2Fwp%2Fv2%2Fcategories&post=120"},{"taxonomy":"post_tag","embeddable":true,"href":"https:\/\/rg-rotation.de\/index.php?rest_route=%2Fwp%2Fv2%2Ftags&post=120"}],"curies":[{"name":"wp","href":"https:\/\/api.w.org\/{rel}","templated":true}]}}