{"id":1130,"date":"2020-09-06T13:39:34","date_gmt":"2020-09-06T12:39:34","guid":{"rendered":"http:\/\/rgrotation.de\/?p=1130"},"modified":"2020-09-06T13:57:23","modified_gmt":"2020-09-06T12:57:23","slug":"nun-endlich-regattasport-fuer-den-kinder-und-jugendbereich","status":"publish","type":"post","link":"https:\/\/rg-rotation.de\/?p=1130","title":{"rendered":"Nun endlich Regattasport f\u00fcr den Kinder- und Jugendbereich!"},"content":{"rendered":"\t\t<div data-elementor-type=\"wp-post\" data-elementor-id=\"1130\" class=\"elementor elementor-1130\" data-elementor-settings=\"[]\">\n\t\t\t\t\t\t<div class=\"elementor-inner\">\n\t\t\t\t\t\t\t<div class=\"elementor-section-wrap\">\n\t\t\t\t\t\t\t<section class=\"elementor-section elementor-top-section elementor-element elementor-element-640cba5 elementor-section-boxed elementor-section-height-default elementor-section-height-default\" data-id=\"640cba5\" data-element_type=\"section\">\n\t\t\t\t\t\t<div class=\"elementor-container elementor-column-gap-default\">\n\t\t\t\t\t\t\t<div class=\"elementor-row\">\n\t\t\t\t\t<div class=\"elementor-column elementor-col-100 elementor-top-column elementor-element elementor-element-196175f\" data-id=\"196175f\" data-element_type=\"column\">\n\t\t\t<div class=\"elementor-column-wrap elementor-element-populated\">\n\t\t\t\t\t\t\t<div class=\"elementor-widget-wrap\">\n\t\t\t\t\t\t<div class=\"elementor-element elementor-element-c9443b6 elementor-widget elementor-widget-text-editor\" data-id=\"c9443b6\" data-element_type=\"widget\" data-widget_type=\"text-editor.default\">\n\t\t\t\t<div class=\"elementor-widget-container\">\n\t\t\t\t\t\t\t\t<div class=\"elementor-text-editor elementor-clearfix\">\n\t\t\t\t\t<p>Lange hat es gedauert, denn bisher wurden fast alle geplanten Regatten abgesagt. Doch nun endlich zwei Veranstaltungen im Bereich des Landesruderverbands, die f\u00fcr die Kinder und Jugendlichen organisiert wurden. Zum einen der Ranglistentest f\u00fcr die U19 (JuniorInnen). Und zum anderen die Kinderregatta in Gr\u00fcnau, verbunden mit dem Landesentscheid.<\/p><p>Das Wetter leider nur m\u00e4\u00dfig (meteorologisch ist ja nun auch schon Herbst&#8230;). Und die Beteiligung in Ma\u00dfen. Es galten ja immer noch Regeln und Beschr\u00e4nkungen der Corona-Eind\u00e4mmung&#8230;<br \/>Trotzdem waren\u00a0 alle bekannten Vereine vertreten. Und Regattastimmung kam doch auf, auch wenn es praktisch keine Besucher gab.<\/p>\t\t\t\t\t<\/div>\n\t\t\t\t\t\t<\/div>\n\t\t\t\t<\/div>\n\t\t\t\t\t\t<\/div>\n\t\t\t\t\t<\/div>\n\t\t<\/div>\n\t\t\t\t\t\t\t\t<\/div>\n\t\t\t\t\t<\/div>\n\t\t<\/section>\n\t\t\t\t<section class=\"elementor-section elementor-top-section elementor-element elementor-element-ebe769a elementor-section-boxed elementor-section-height-default elementor-section-height-default\" data-id=\"ebe769a\" data-element_type=\"section\">\n\t\t\t\t\t\t<div class=\"elementor-container elementor-column-gap-default\">\n\t\t\t\t\t\t\t<div class=\"elementor-row\">\n\t\t\t\t\t<div class=\"elementor-column elementor-col-100 elementor-top-column elementor-element elementor-element-9b56aaf\" data-id=\"9b56aaf\" data-element_type=\"column\">\n\t\t\t<div class=\"elementor-column-wrap elementor-element-populated\">\n\t\t\t\t\t\t\t<div class=\"elementor-widget-wrap\">\n\t\t\t\t\t\t<div class=\"elementor-element elementor-element-6c2cd43 elementor-arrows-position-inside elementor-pagination-position-outside elementor-widget elementor-widget-image-carousel\" data-id=\"6c2cd43\" data-element_type=\"widget\" data-settings=\"{&quot;slides_to_show&quot;:&quot;1&quot;,&quot;navigation&quot;:&quot;both&quot;,&quot;autoplay&quot;:&quot;yes&quot;,&quot;pause_on_hover&quot;:&quot;yes&quot;,&quot;pause_on_interaction&quot;:&quot;yes&quot;,&quot;autoplay_speed&quot;:5000,&quot;infinite&quot;:&quot;yes&quot;,&quot;effect&quot;:&quot;slide&quot;,&quot;speed&quot;:500}\" data-widget_type=\"image-carousel.default\">\n\t\t\t\t<div class=\"elementor-widget-container\">\n\t\t\t\t\t<div class=\"elementor-image-carousel-wrapper swiper-container\" dir=\"ltr\">\n\t\t\t<div class=\"elementor-image-carousel swiper-wrapper\">\n\t\t\t\t<div class=\"swiper-slide\"><figure class=\"swiper-slide-inner\"><img class=\"swiper-slide-image\" src=\"https:\/\/rg-rotation.de\/wp-content\/uploads\/2020\/09\/20090_ROT_JUM_2-1024x627.jpg\" alt=\"20090_ROT_JUM_2\" \/><\/figure><\/div><div class=\"swiper-slide\"><figure class=\"swiper-slide-inner\"><img class=\"swiper-slide-image\" src=\"https:\/\/rg-rotation.de\/wp-content\/uploads\/2020\/09\/20090_ROT_JUM_3-1024x641.jpg\" alt=\"20090_ROT_JUM_3\" \/><\/figure><\/div><div class=\"swiper-slide\"><figure class=\"swiper-slide-inner\"><img class=\"swiper-slide-image\" src=\"https:\/\/rg-rotation.de\/wp-content\/uploads\/2020\/09\/20090_ROT_JUM_4-1024x595.jpg\" alt=\"20090_ROT_JUM_4\" \/><\/figure><\/div><div class=\"swiper-slide\"><figure class=\"swiper-slide-inner\"><img class=\"swiper-slide-image\" src=\"https:\/\/rg-rotation.de\/wp-content\/uploads\/2020\/09\/IMG_0974-1024x768.jpg\" alt=\"IMG_0974\" \/><\/figure><\/div>\t\t\t<\/div>\n\t\t\t\t\t\t\t\t\t\t\t\t<div class=\"swiper-pagination\"><\/div>\n\t\t\t\t\t\t\t\t\t\t\t\t\t<div class=\"elementor-swiper-button elementor-swiper-button-prev\">\n\t\t\t\t\t\t<i class=\"eicon-chevron-left\" aria-hidden=\"true\"><\/i>\n\t\t\t\t\t\t<span class=\"elementor-screen-only\">Zur\u00fcck<\/span>\n\t\t\t\t\t<\/div>\n\t\t\t\t\t<div class=\"elementor-swiper-button elementor-swiper-button-next\">\n\t\t\t\t\t\t<i class=\"eicon-chevron-right\" aria-hidden=\"true\"><\/i>\n\t\t\t\t\t\t<span class=\"elementor-screen-only\">Weiter<\/span>\n\t\t\t\t\t<\/div>\n\t\t\t\t\t\t\t\t\t<\/div>\n\t\t\t\t<\/div>\n\t\t\t\t<\/div>\n\t\t\t\t\t\t<\/div>\n\t\t\t\t\t<\/div>\n\t\t<\/div>\n\t\t\t\t\t\t\t\t<\/div>\n\t\t\t\t\t<\/div>\n\t\t<\/section>\n\t\t\t\t<section class=\"elementor-section elementor-top-section elementor-element elementor-element-a1d6a6d elementor-section-boxed elementor-section-height-default elementor-section-height-default\" data-id=\"a1d6a6d\" data-element_type=\"section\">\n\t\t\t\t\t\t<div class=\"elementor-container elementor-column-gap-default\">\n\t\t\t\t\t\t\t<div class=\"elementor-row\">\n\t\t\t\t\t<div class=\"elementor-column elementor-col-100 elementor-top-column elementor-element elementor-element-98ee1cd\" data-id=\"98ee1cd\" data-element_type=\"column\">\n\t\t\t<div class=\"elementor-column-wrap elementor-element-populated\">\n\t\t\t\t\t\t\t<div class=\"elementor-widget-wrap\">\n\t\t\t\t\t\t<div class=\"elementor-element elementor-element-3d49320 elementor-widget elementor-widget-text-editor\" data-id=\"3d49320\" data-element_type=\"widget\" data-widget_type=\"text-editor.default\">\n\t\t\t\t<div class=\"elementor-widget-container\">\n\t\t\t\t\t\t\t\t<div class=\"elementor-text-editor elementor-clearfix\">\n\t\t\t\t\t<p>Ben Emrich startete in Gr\u00fcnau im Einerrennen und gewann dieses souver\u00e4n. Herzlichen Gl\u00fcckwunsch!<br \/>Alle Ergebnisse\u00a0<a href=\"http:\/\/rgrotation.de\/wp-content\/uploads\/2020\/09\/Berliner_JuM-Regatta-Regattaergebnis-2020-09-05.pdf\" target=\"_blank\" rel=\"noopener\">hier<\/a><span style=\"font-size: 14px;\">.<\/span><\/p>\t\t\t\t\t<\/div>\n\t\t\t\t\t\t<\/div>\n\t\t\t\t<\/div>\n\t\t\t\t\t\t<\/div>\n\t\t\t\t\t<\/div>\n\t\t<\/div>\n\t\t\t\t\t\t\t\t<\/div>\n\t\t\t\t\t<\/div>\n\t\t<\/section>\n\t\t\t\t<section class=\"elementor-section elementor-top-section elementor-element elementor-element-a6f0f28 elementor-section-boxed elementor-section-height-default elementor-section-height-default\" data-id=\"a6f0f28\" data-element_type=\"section\">\n\t\t\t\t\t\t<div class=\"elementor-container elementor-column-gap-default\">\n\t\t\t\t\t\t\t<div class=\"elementor-row\">\n\t\t\t\t\t<div class=\"elementor-column elementor-col-100 elementor-top-column elementor-element elementor-element-dead1d5\" data-id=\"dead1d5\" data-element_type=\"column\">\n\t\t\t<div class=\"elementor-column-wrap elementor-element-populated\">\n\t\t\t\t\t\t\t<div class=\"elementor-widget-wrap\">\n\t\t\t\t\t\t<div class=\"elementor-element elementor-element-4117f67 elementor-widget elementor-widget-image\" data-id=\"4117f67\" data-element_type=\"widget\" data-widget_type=\"image.default\">\n\t\t\t\t<div class=\"elementor-widget-container\">\n\t\t\t\t\t\t\t\t<div class=\"elementor-image\">\n\t\t\t\t\t\t\t\t\t\t\t\t<img width=\"768\" height=\"1024\" src=\"https:\/\/rg-rotation.de\/wp-content\/uploads\/2020\/09\/ea66b001-1253-46b0-8b78-31dc8ba40e32-768x1024.jpg\" class=\"attachment-large size-large\" alt=\"\" loading=\"lazy\" srcset=\"https:\/\/rg-rotation.de\/wp-content\/uploads\/2020\/09\/ea66b001-1253-46b0-8b78-31dc8ba40e32-768x1024.jpg 768w, https:\/\/rg-rotation.de\/wp-content\/uploads\/2020\/09\/ea66b001-1253-46b0-8b78-31dc8ba40e32-225x300.jpg 225w, https:\/\/rg-rotation.de\/wp-content\/uploads\/2020\/09\/ea66b001-1253-46b0-8b78-31dc8ba40e32.jpg 1200w\" sizes=\"(max-width: 768px) 100vw, 768px\" \/>\t\t\t\t\t\t\t\t\t\t\t\t\t\t<\/div>\n\t\t\t\t\t\t<\/div>\n\t\t\t\t<\/div>\n\t\t\t\t\t\t<\/div>\n\t\t\t\t\t<\/div>\n\t\t<\/div>\n\t\t\t\t\t\t\t\t<\/div>\n\t\t\t\t\t<\/div>\n\t\t<\/section>\n\t\t\t\t<section class=\"elementor-section elementor-top-section elementor-element elementor-element-e05604b elementor-section-boxed elementor-section-height-default elementor-section-height-default\" data-id=\"e05604b\" data-element_type=\"section\">\n\t\t\t\t\t\t<div class=\"elementor-container elementor-column-gap-default\">\n\t\t\t\t\t\t\t<div class=\"elementor-row\">\n\t\t\t\t\t<div class=\"elementor-column elementor-col-100 elementor-top-column elementor-element elementor-element-10c0886\" data-id=\"10c0886\" data-element_type=\"column\">\n\t\t\t<div class=\"elementor-column-wrap elementor-element-populated\">\n\t\t\t\t\t\t\t<div class=\"elementor-widget-wrap\">\n\t\t\t\t\t\t<div class=\"elementor-element elementor-element-cd55fa7 elementor-widget elementor-widget-text-editor\" data-id=\"cd55fa7\" data-element_type=\"widget\" data-widget_type=\"text-editor.default\">\n\t\t\t\t<div class=\"elementor-widget-container\">\n\t\t\t\t\t\t\t\t<div class=\"elementor-text-editor elementor-clearfix\">\n\t\t\t\t\t<p>Beim Ranglistentest im Einer erreichte Kira Klinkm\u00fcller den dritten Platz und Kira Graap den f\u00fcnften Platz. Damit haben sich beide als Sportlerinnen der RG Rotation f\u00fcr die Berliner Mannschaft zum St\u00e4dtekampf am 3.\/4.10. in Hamburg qualifiziert. Lohn der einsamen Trainingsarbeit \u00fcber den Sommer. Herzlichen Gl\u00fcckwunsch!<\/p><p>(Kira K. rechts im Bild)<\/p>\t\t\t\t\t<\/div>\n\t\t\t\t\t\t<\/div>\n\t\t\t\t<\/div>\n\t\t\t\t\t\t<\/div>\n\t\t\t\t\t<\/div>\n\t\t<\/div>\n\t\t\t\t\t\t\t\t<\/div>\n\t\t\t\t\t<\/div>\n\t\t<\/section>\n\t\t\t\t<section class=\"elementor-section elementor-top-section elementor-element elementor-element-3f38654 elementor-section-boxed elementor-section-height-default elementor-section-height-default\" data-id=\"3f38654\" data-element_type=\"section\">\n\t\t\t\t\t\t<div class=\"elementor-container elementor-column-gap-default\">\n\t\t\t\t\t\t\t<div class=\"elementor-row\">\n\t\t\t\t\t<div class=\"elementor-column elementor-col-100 elementor-top-column elementor-element elementor-element-126974c\" data-id=\"126974c\" data-element_type=\"column\">\n\t\t\t<div class=\"elementor-column-wrap elementor-element-populated\">\n\t\t\t\t\t\t\t<div class=\"elementor-widget-wrap\">\n\t\t\t\t\t\t<div class=\"elementor-element elementor-element-97c0837 elementor-widget elementor-widget-image\" data-id=\"97c0837\" data-element_type=\"widget\" data-widget_type=\"image.default\">\n\t\t\t\t<div class=\"elementor-widget-container\">\n\t\t\t\t\t\t\t\t<div class=\"elementor-image\">\n\t\t\t\t\t\t\t\t\t\t\t\t<img width=\"917\" height=\"1024\" src=\"https:\/\/rg-rotation.de\/wp-content\/uploads\/2020\/09\/2009_ROT_U19test_KK-917x1024.jpg\" class=\"attachment-large size-large\" alt=\"\" loading=\"lazy\" srcset=\"https:\/\/rg-rotation.de\/wp-content\/uploads\/2020\/09\/2009_ROT_U19test_KK-917x1024.jpg 917w, https:\/\/rg-rotation.de\/wp-content\/uploads\/2020\/09\/2009_ROT_U19test_KK-269x300.jpg 269w, https:\/\/rg-rotation.de\/wp-content\/uploads\/2020\/09\/2009_ROT_U19test_KK-768x857.jpg 768w, https:\/\/rg-rotation.de\/wp-content\/uploads\/2020\/09\/2009_ROT_U19test_KK.jpg 970w\" sizes=\"(max-width: 917px) 100vw, 917px\" \/>\t\t\t\t\t\t\t\t\t\t\t\t\t\t<\/div>\n\t\t\t\t\t\t<\/div>\n\t\t\t\t<\/div>\n\t\t\t\t\t\t<\/div>\n\t\t\t\t\t<\/div>\n\t\t<\/div>\n\t\t\t\t\t\t\t\t<\/div>\n\t\t\t\t\t<\/div>\n\t\t<\/section>\n\t\t\t\t\t\t<\/div>\n\t\t\t\t\t\t<\/div>\n\t\t\t\t\t<\/div>\n\t\t","protected":false},"excerpt":{"rendered":"<p>Lange hat es gedauert, denn bisher wurden fast alle geplanten Regatten abgesagt. Doch nun endlich zwei Veranstaltungen im Bereich des Landesruderverbands, die f\u00fcr die Kinder und Jugendlichen organisiert wurden. Zum&#8230;<\/p>\n","protected":false},"author":1,"featured_media":1129,"comment_status":"closed","ping_status":"open","sticky":false,"template":"","format":"standard","meta":[],"categories":[18,19],"tags":[],"_links":{"self":[{"href":"https:\/\/rg-rotation.de\/index.php?rest_route=\/wp\/v2\/posts\/1130"}],"collection":[{"href":"https:\/\/rg-rotation.de\/index.php?rest_route=\/wp\/v2\/posts"}],"about":[{"href":"https:\/\/rg-rotation.de\/index.php?rest_route=\/wp\/v2\/types\/post"}],"author":[{"embeddable":true,"href":"https:\/\/rg-rotation.de\/index.php?rest_route=\/wp\/v2\/users\/1"}],"replies":[{"embeddable":true,"href":"https:\/\/rg-rotation.de\/index.php?rest_route=%2Fwp%2Fv2%2Fcomments&post=1130"}],"version-history":[{"count":8,"href":"https:\/\/rg-rotation.de\/index.php?rest_route=\/wp\/v2\/posts\/1130\/revisions"}],"predecessor-version":[{"id":1147,"href":"https:\/\/rg-rotation.de\/index.php?rest_route=\/wp\/v2\/posts\/1130\/revisions\/1147"}],"wp:featuredmedia":[{"embeddable":true,"href":"https:\/\/rg-rotation.de\/index.php?rest_route=\/wp\/v2\/media\/1129"}],"wp:attachment":[{"href":"https:\/\/rg-rotation.de\/index.php?rest_route=%2Fwp%2Fv2%2Fmedia&parent=1130"}],"wp:term":[{"taxonomy":"category","embeddable":true,"href":"https:\/\/rg-rotation.de\/index.php?rest_route=%2Fwp%2Fv2%2Fcategories&post=1130"},{"taxonomy":"post_tag","embeddable":true,"href":"https:\/\/rg-rotation.de\/index.php?rest_route=%2Fwp%2Fv2%2Ftags&post=1130"}],"curies":[{"name":"wp","href":"https:\/\/api.w.org\/{rel}","templated":true}]}}