{"id":7388,"date":"2024-07-03T18:36:10","date_gmt":"2024-07-03T16:36:10","guid":{"rendered":"https:\/\/rgrotation.de\/?p=7388"},"modified":"2024-07-09T11:09:42","modified_gmt":"2024-07-09T09:09:42","slug":"jung-rotation-auf-mehreren-regatten-erfolgreich","status":"publish","type":"post","link":"http:\/\/rg-rotation.de\/?p=7388","title":{"rendered":"03.07.2024 &#8211; Von Gr\u00fcnau \u00fcber Bremen und R\u00fcdersdorf zur\u00fcck nach Gr\u00fcnau &#8211; erfolgreiche Regattasaison unserer U15!"},"content":{"rendered":"\t\t<div data-elementor-type=\"wp-post\" data-elementor-id=\"7388\" class=\"elementor elementor-7388\" data-elementor-settings=\"[]\">\n\t\t\t\t\t\t<div class=\"elementor-inner\">\n\t\t\t\t\t\t\t<div class=\"elementor-section-wrap\">\n\t\t\t\t\t\t\t<section class=\"elementor-section elementor-top-section elementor-element elementor-element-05d445c elementor-section-boxed elementor-section-height-default elementor-section-height-default\" data-id=\"05d445c\" data-element_type=\"section\">\n\t\t\t\t\t\t<div class=\"elementor-container elementor-column-gap-default\">\n\t\t\t\t\t\t\t<div class=\"elementor-row\">\n\t\t\t\t\t<div class=\"elementor-column elementor-col-100 elementor-top-column elementor-element elementor-element-f0bee7c\" data-id=\"f0bee7c\" data-element_type=\"column\">\n\t\t\t<div class=\"elementor-column-wrap elementor-element-populated\">\n\t\t\t\t\t\t\t<div class=\"elementor-widget-wrap\">\n\t\t\t\t\t\t<div class=\"elementor-element elementor-element-462238f elementor-widget elementor-widget-text-editor\" data-id=\"462238f\" data-element_type=\"widget\" data-widget_type=\"text-editor.default\">\n\t\t\t\t<div class=\"elementor-widget-container\">\n\t\t\t\t\t\t\t\t<div class=\"elementor-text-editor elementor-clearfix\">\n\t\t\t\t\t<p>Nach dem guten Auftakt bei der Gr\u00fcnauer Fr\u00fchregatta sind es auch in diesem Jahr unsere jungen Sportler der U15 wieder zu verschiedenen Rennen angetreten, um sich f\u00fcr den Saisonh\u00f6hepunkt Bundeswettbewerb, der in diesem Jahr durch das Land Berlin an der Gr\u00fcnauer Regattastrecke durchgef\u00fchrt wurde, gut vorzubereiten.<\/p><p>Zun\u00e4chst ging es wie auch in den Vorjahren vom 03.-05. Mai nach Bremen in die bereits gut bekannte Unterkunft, diesmal gemeinsam mit Sportlern aus weiteren Berliner Vereinen. Unsere Aktiven Willy, Max, Moritz und Alberto sind am Samstag bei der Langstrecke und am Sonntag auf den Kurzstrecken gestartet. Willy und Max konnten nach einem 3. Platz bei der Langstrecke dann am Sonntag auf der Kurzstrecke den Doppelzweier der 14-j\u00e4hrigen Jungen gewinnen. Dies gelang dann auch Alberto im Einer: herzlichen Gl\u00fcckwunsch zu dieser ersten Goldmedaille!<\/p><p>Die n\u00e4chste Regattastation wurde in R\u00fcdersdorf vom 18.-19. Mai bei der allj\u00e4hrlichen Fr\u00fchjahrsregatta eingelegt, hier konnten Willy und Max im Doppelzweier in der Lang- und Kurzstrecke jeweils den 2. Platz erringen, Janny und Anton sind jeweils im Einer gestartet.<\/p><p>Im Anschluss ging es direkt in die Vorbereitung des Berliner Landesentscheides und der Sommerregatta vom 01.-02. Juni in Gr\u00fcnau. Beim Landesentscheid ging es am ersten Tag \u00fcber die Langstrecke von 3000m, hier konnten Willy und Max ihr Rennen gewinnen und Janny und Anton jeweils den 2. Platz belegen. Bei der am Sonntag folgenden Kurzstrecke auf 1000m haben Willy und Max den 2. Platz erreicht, Anton im Einer den 5. Platz und Janny im Einer im A-Finale den 1. Platz erk\u00e4mpft.<\/p><p>In der Gesamtwertung des Landes Berlin haben Max und Willy damit den Doppelzweier der Altersgruppe 14 Jahre den Sieg und Janny den 2. Platz und beide damit die Nominierungen f\u00fcr den Bundeswettbewerb erreicht. Weitere Medaillen und gute Platzierungen gab es bei der Sommerregatta f\u00fcr Lilly (Gold im Sprint und 2. Platz auf der Kurzstrecke) und Alberto (3. Platz auf der Kurzstrecke) jeweils im Einer.<\/p><p>Einen herzlichen Gl\u00fcckwunsch an unsere Jugend und die Trainer Kira und Fabian!<\/p>\t\t\t\t\t<\/div>\n\t\t\t\t\t\t<\/div>\n\t\t\t\t<\/div>\n\t\t\t\t\t\t<\/div>\n\t\t\t\t\t<\/div>\n\t\t<\/div>\n\t\t\t\t\t\t\t\t<\/div>\n\t\t\t\t\t<\/div>\n\t\t<\/section>\n\t\t\t\t<section class=\"elementor-section elementor-top-section elementor-element elementor-element-ce9c8da elementor-section-boxed elementor-section-height-default elementor-section-height-default\" data-id=\"ce9c8da\" data-element_type=\"section\">\n\t\t\t\t\t\t<div class=\"elementor-container elementor-column-gap-default\">\n\t\t\t\t\t\t\t<div class=\"elementor-row\">\n\t\t\t\t\t<div class=\"elementor-column elementor-col-100 elementor-top-column elementor-element elementor-element-40ddf34\" data-id=\"40ddf34\" data-element_type=\"column\">\n\t\t\t<div class=\"elementor-column-wrap elementor-element-populated\">\n\t\t\t\t\t\t\t<div class=\"elementor-widget-wrap\">\n\t\t\t\t\t\t<div class=\"elementor-element elementor-element-9818db5 elementor-arrows-position-inside elementor-pagination-position-outside elementor-widget elementor-widget-image-carousel\" data-id=\"9818db5\" data-element_type=\"widget\" data-settings=\"{&quot;slides_to_show&quot;:&quot;1&quot;,&quot;navigation&quot;:&quot;both&quot;,&quot;autoplay&quot;:&quot;yes&quot;,&quot;pause_on_hover&quot;:&quot;yes&quot;,&quot;pause_on_interaction&quot;:&quot;yes&quot;,&quot;autoplay_speed&quot;:5000,&quot;infinite&quot;:&quot;yes&quot;,&quot;effect&quot;:&quot;slide&quot;,&quot;speed&quot;:500}\" data-widget_type=\"image-carousel.default\">\n\t\t\t\t<div class=\"elementor-widget-container\">\n\t\t\t\t\t<div class=\"elementor-image-carousel-wrapper swiper-container\" dir=\"ltr\">\n\t\t\t<div class=\"elementor-image-carousel swiper-wrapper\">\n\t\t\t\t<div class=\"swiper-slide\"><figure class=\"swiper-slide-inner\"><img class=\"swiper-slide-image\" src=\"http:\/\/rg-rotation.de\/wp-content\/uploads\/Bremen1_15-768x432.jpg\" alt=\"Bremen1_15\" \/><\/figure><\/div><div class=\"swiper-slide\"><figure class=\"swiper-slide-inner\"><img class=\"swiper-slide-image\" src=\"http:\/\/rg-rotation.de\/wp-content\/uploads\/Bremen2_15-768x1365.jpg\" alt=\"Bremen2_15\" \/><\/figure><\/div><div class=\"swiper-slide\"><figure class=\"swiper-slide-inner\"><img class=\"swiper-slide-image\" src=\"http:\/\/rg-rotation.de\/wp-content\/uploads\/Bremen3-768x576.jpg\" alt=\"Bremen3\" \/><\/figure><\/div><div class=\"swiper-slide\"><figure class=\"swiper-slide-inner\"><img class=\"swiper-slide-image\" src=\"http:\/\/rg-rotation.de\/wp-content\/uploads\/LE_1_15-768x432.jpg\" alt=\"LE_1_15\" \/><\/figure><\/div><div class=\"swiper-slide\"><figure class=\"swiper-slide-inner\"><img class=\"swiper-slide-image\" src=\"http:\/\/rg-rotation.de\/wp-content\/uploads\/LE_2_15-768x1365.jpg\" alt=\"LE_2_15\" \/><\/figure><\/div><div class=\"swiper-slide\"><figure class=\"swiper-slide-inner\"><img class=\"swiper-slide-image\" src=\"http:\/\/rg-rotation.de\/wp-content\/uploads\/LE_3_15-768x432.jpg\" alt=\"LE_3_15\" \/><\/figure><\/div><div class=\"swiper-slide\"><figure class=\"swiper-slide-inner\"><img class=\"swiper-slide-image\" src=\"http:\/\/rg-rotation.de\/wp-content\/uploads\/LE_4_15-768x432.jpg\" alt=\"LE_4_15\" \/><\/figure><\/div><div class=\"swiper-slide\"><figure class=\"swiper-slide-inner\"><img class=\"swiper-slide-image\" src=\"http:\/\/rg-rotation.de\/wp-content\/uploads\/LE_5_15-768x432.jpg\" alt=\"LE_5_15\" \/><\/figure><\/div><div class=\"swiper-slide\"><figure class=\"swiper-slide-inner\"><img class=\"swiper-slide-image\" src=\"http:\/\/rg-rotation.de\/wp-content\/uploads\/Ruedersdorf3_15-768x432.jpg\" alt=\"Ruedersdorf3_15\" \/><\/figure><\/div><div class=\"swiper-slide\"><figure class=\"swiper-slide-inner\"><img class=\"swiper-slide-image\" src=\"http:\/\/rg-rotation.de\/wp-content\/uploads\/Sommer_1_5-768x1365.jpg\" alt=\"Sommer_1_5\" \/><\/figure><\/div>\t\t\t<\/div>\n\t\t\t\t\t\t\t\t\t\t\t\t<div class=\"swiper-pagination\"><\/div>\n\t\t\t\t\t\t\t\t\t\t\t\t\t<div class=\"elementor-swiper-button elementor-swiper-button-prev\">\n\t\t\t\t\t\t<i class=\"eicon-chevron-left\" aria-hidden=\"true\"><\/i>\n\t\t\t\t\t\t<span class=\"elementor-screen-only\">Zur\u00fcck<\/span>\n\t\t\t\t\t<\/div>\n\t\t\t\t\t<div class=\"elementor-swiper-button elementor-swiper-button-next\">\n\t\t\t\t\t\t<i class=\"eicon-chevron-right\" aria-hidden=\"true\"><\/i>\n\t\t\t\t\t\t<span class=\"elementor-screen-only\">Weiter<\/span>\n\t\t\t\t\t<\/div>\n\t\t\t\t\t\t\t\t\t<\/div>\n\t\t\t\t<\/div>\n\t\t\t\t<\/div>\n\t\t\t\t\t\t<\/div>\n\t\t\t\t\t<\/div>\n\t\t<\/div>\n\t\t\t\t\t\t\t\t<\/div>\n\t\t\t\t\t<\/div>\n\t\t<\/section>\n\t\t\t\t\t\t<\/div>\n\t\t\t\t\t\t<\/div>\n\t\t\t\t\t<\/div>\n\t\t","protected":false},"excerpt":{"rendered":"<p>Nach dem guten Auftakt bei der Gr\u00fcnauer Fr\u00fchregatta sind es auch in diesem Jahr unsere jungen Sportler der U15 wieder zu verschiedenen Rennen angetreten, um sich f\u00fcr den Saisonh\u00f6hepunkt Bundeswettbewerb,&#8230;<\/p>\n","protected":false},"author":116,"featured_media":7395,"comment_status":"open","ping_status":"open","sticky":false,"template":"","format":"standard","meta":[],"categories":[18,19],"tags":[],"_links":{"self":[{"href":"http:\/\/rg-rotation.de\/index.php?rest_route=\/wp\/v2\/posts\/7388"}],"collection":[{"href":"http:\/\/rg-rotation.de\/index.php?rest_route=\/wp\/v2\/posts"}],"about":[{"href":"http:\/\/rg-rotation.de\/index.php?rest_route=\/wp\/v2\/types\/post"}],"author":[{"embeddable":true,"href":"http:\/\/rg-rotation.de\/index.php?rest_route=\/wp\/v2\/users\/116"}],"replies":[{"embeddable":true,"href":"http:\/\/rg-rotation.de\/index.php?rest_route=%2Fwp%2Fv2%2Fcomments&post=7388"}],"version-history":[{"count":10,"href":"http:\/\/rg-rotation.de\/index.php?rest_route=\/wp\/v2\/posts\/7388\/revisions"}],"predecessor-version":[{"id":7408,"href":"http:\/\/rg-rotation.de\/index.php?rest_route=\/wp\/v2\/posts\/7388\/revisions\/7408"}],"wp:featuredmedia":[{"embeddable":true,"href":"http:\/\/rg-rotation.de\/index.php?rest_route=\/wp\/v2\/media\/7395"}],"wp:attachment":[{"href":"http:\/\/rg-rotation.de\/index.php?rest_route=%2Fwp%2Fv2%2Fmedia&parent=7388"}],"wp:term":[{"taxonomy":"category","embeddable":true,"href":"http:\/\/rg-rotation.de\/index.php?rest_route=%2Fwp%2Fv2%2Fcategories&post=7388"},{"taxonomy":"post_tag","embeddable":true,"href":"http:\/\/rg-rotation.de\/index.php?rest_route=%2Fwp%2Fv2%2Ftags&post=7388"}],"curies":[{"name":"wp","href":"https:\/\/api.w.org\/{rel}","templated":true}]}}